{"id":1753,"date":"2025-01-15T13:07:39","date_gmt":"2025-01-15T12:07:39","guid":{"rendered":"https:\/\/ciutatsvivibles.entrepobles.org\/?p=1753"},"modified":"2025-01-15T13:07:39","modified_gmt":"2025-01-15T12:07:39","slug":"jornada-construyendo-nuestro-espacio-construyendo-nuestro-ano","status":"publish","type":"post","link":"https:\/\/ciutatsvivibles.entrepobles.org\/es\/jornada-construyendo-nuestro-espacio-construyendo-nuestro-ano\/","title":{"rendered":"Jornada \u00abConstruyendo nuestro espacio, construyendo nuestro a\u00f1o\u00bb"},"content":{"rendered":"\n<p>Arranca el 2025 con el espacio de cuidados en la Permacomunal feminista de Can Masdeu.<\/p>\n\n\n\n<p>Os esperamos a todas el domingo 19 de enero a las 10.30h a Can Masdeu, para continuar fortaleciendo nuestra comunidad contruyendo un espacio de curas colectivas, autocuidados por mujeres aut\u00f3ctonas y migradas. Un espacio de di\u00e1logo y v\u00ednculos desde la diversidad.<\/p>\n\n\n\n<p>\u00a1Os esperamos!<\/p>\n\n\n\n<figure class=\"wp-block-image size-full\"><img loading=\"lazy\" decoding=\"async\" width=\"1080\" height=\"1080\" src=\"https:\/\/ciutatsvivibles.entrepobles.org\/wp-content\/uploads\/2025\/01\/5780593533500114843.jpg\" alt=\"\" class=\"wp-image-1754\" srcset=\"https:\/\/ciutatsvivibles.entrepobles.org\/wp-content\/uploads\/2025\/01\/5780593533500114843.jpg 1080w, https:\/\/ciutatsvivibles.entrepobles.org\/wp-content\/uploads\/2025\/01\/5780593533500114843-200x200.jpg 200w, https:\/\/ciutatsvivibles.entrepobles.org\/wp-content\/uploads\/2025\/01\/5780593533500114843-768x768.jpg 768w\" sizes=\"auto, (max-width: 1080px) 100vw, 1080px\" \/><\/figure>\n","protected":false},"excerpt":{"rendered":"<p>Arranca el 2025 con el espacio de cuidados en la Permacomunal feminista de Can Masdeu. Os esperamos a todas el domingo 19 de enero a las 10.30h a Can Masdeu, para continuar fortaleciendo nuestra comunidad contruyendo un espacio de curas colectivas, autocuidados por mujeres aut\u00f3ctonas y migradas. Un espacio de di\u00e1logo y v\u00ednculos desde la [&hellip;]<\/p>\n","protected":false},"author":6,"featured_media":0,"comment_status":"closed","ping_status":"closed","sticky":false,"template":"","format":"standard","meta":{"_genesis_hide_title":false,"_genesis_hide_breadcrumbs":false,"_genesis_hide_singular_image":false,"_genesis_hide_footer_widgets":false,"_genesis_custom_body_class":"","_genesis_custom_post_class":"","_genesis_layout":"","footnotes":""},"categories":[121],"tags":[],"class_list":{"0":"post-1753","1":"post","2":"type-post","3":"status-publish","4":"format-standard","6":"category-agenda-y-noticias","7":"entry"},"acf":[],"_links":{"self":[{"href":"https:\/\/ciutatsvivibles.entrepobles.org\/es\/wp-json\/wp\/v2\/posts\/1753","targetHints":{"allow":["GET"]}}],"collection":[{"href":"https:\/\/ciutatsvivibles.entrepobles.org\/es\/wp-json\/wp\/v2\/posts"}],"about":[{"href":"https:\/\/ciutatsvivibles.entrepobles.org\/es\/wp-json\/wp\/v2\/types\/post"}],"author":[{"embeddable":true,"href":"https:\/\/ciutatsvivibles.entrepobles.org\/es\/wp-json\/wp\/v2\/users\/6"}],"replies":[{"embeddable":true,"href":"https:\/\/ciutatsvivibles.entrepobles.org\/es\/wp-json\/wp\/v2\/comments?post=1753"}],"version-history":[{"count":1,"href":"https:\/\/ciutatsvivibles.entrepobles.org\/es\/wp-json\/wp\/v2\/posts\/1753\/revisions"}],"predecessor-version":[{"id":1756,"href":"https:\/\/ciutatsvivibles.entrepobles.org\/es\/wp-json\/wp\/v2\/posts\/1753\/revisions\/1756"}],"wp:attachment":[{"href":"https:\/\/ciutatsvivibles.entrepobles.org\/es\/wp-json\/wp\/v2\/media?parent=1753"}],"wp:term":[{"taxonomy":"category","embeddable":true,"href":"https:\/\/ciutatsvivibles.entrepobles.org\/es\/wp-json\/wp\/v2\/categories?post=1753"},{"taxonomy":"post_tag","embeddable":true,"href":"https:\/\/ciutatsvivibles.entrepobles.org\/es\/wp-json\/wp\/v2\/tags?post=1753"}],"curies":[{"name":"wp","href":"https:\/\/api.w.org\/{rel}","templated":true}]}}