{"id":1731,"date":"2024-10-15T17:10:12","date_gmt":"2024-10-15T15:10:12","guid":{"rendered":"https:\/\/ciutatsvivibles.entrepobles.org\/?p=1731"},"modified":"2024-10-15T17:10:13","modified_gmt":"2024-10-15T15:10:13","slug":"taller-codisseny-de-lespai-que-volem-habitar","status":"publish","type":"post","link":"https:\/\/ciutatsvivibles.entrepobles.org\/es\/taller-codisseny-de-lespai-que-volem-habitar\/","title":{"rendered":"Taller: codisseny de l\u2019espai que volem habitar"},"content":{"rendered":"\n<p>Us convidem per al codisseny de l\u2019espai permacomunal, perqu\u00e8 cada idea compta, tamb\u00e9 perqu\u00e8 creiem que entre totis ho farem realitat. Fer un espai per i per a nosotres. Que cada rac\u00f3 ens diga alguna cosa quan ho habitem.<\/p>\n\n\n\n<p>Aquest \u00e9s un espai d\u2019i per a dones diverses, un refugi on puguem compartir experi\u00e8ncies, cures i coneixements, i alhora, construir juntes un model de conviv\u00e8ncia que defense la just\u00edcia clim\u00e0tica. Creiem que les solucions a la crisi clim\u00e0tica han de sorgir des de la nostra comunitat, integrant les nostres viv\u00e8ncies i posant en el centre la sostenibilitat de la vida. Volem que cada rac\u00f3 ens parle, que en caminar per ell sentes que et pertany, que ha sigut teixit per les nostres mans i cors.<\/p>\n\n\n\n<p>Com pots participar? Amb el teu temps, amb les teues idees i amb la teua pres\u00e8ncia. Tot el que aportacions ser\u00e0 clau en aquest proc\u00e9s i que ens inspire a continuar lluitant per la terra i les nostres vides.<\/p>\n\n\n\n<p>Al final compartirem un pica pica de traje\ud83d\udca5\ud83c\udf00\ud83d\udc9c\ud83c\udf3f<\/p>\n\n\n\n<p><strong>Diumenge 13 d\u2019octubre<\/strong><br><strong>De 10h a 14h<\/strong><br><strong>Permacomunal de Can Masdeu<\/strong><\/p>\n\n\n\n<p><strong>Formulari inscripci\u00f3 <a href=\"https:\/\/forms.gle\/afZWJyD5Xu9S7qHfA\">https:\/\/forms.gle\/afZWJyD5Xu9S7qHfA<\/a><\/strong><\/p>\n\n\n\n<figure class=\"wp-block-image size-full\"><img loading=\"lazy\" decoding=\"async\" width=\"1080\" height=\"1080\" src=\"https:\/\/ciutatsvivibles.entrepobles.org\/wp-content\/uploads\/2024\/10\/Permacomunal_taller-1.jpeg\" alt=\"\" class=\"wp-image-1732\" srcset=\"https:\/\/ciutatsvivibles.entrepobles.org\/wp-content\/uploads\/2024\/10\/Permacomunal_taller-1.jpeg 1080w, https:\/\/ciutatsvivibles.entrepobles.org\/wp-content\/uploads\/2024\/10\/Permacomunal_taller-1-200x200.jpeg 200w, https:\/\/ciutatsvivibles.entrepobles.org\/wp-content\/uploads\/2024\/10\/Permacomunal_taller-1-768x768.jpeg 768w\" sizes=\"auto, (max-width: 1080px) 100vw, 1080px\" \/><\/figure>\n","protected":false},"excerpt":{"rendered":"<p>Us convidem per al codisseny de l\u2019espai permacomunal, perqu\u00e8 cada idea compta, tamb\u00e9 perqu\u00e8 creiem que entre totis ho farem realitat. Fer un espai per i per a nosotres. Que cada rac\u00f3 ens diga alguna cosa quan ho habitem. Aquest \u00e9s un espai d\u2019i per a dones diverses, un refugi on puguem compartir experi\u00e8ncies, cures [&hellip;]<\/p>\n","protected":false},"author":6,"featured_media":0,"comment_status":"closed","ping_status":"closed","sticky":false,"template":"","format":"standard","meta":{"_genesis_hide_title":false,"_genesis_hide_breadcrumbs":false,"_genesis_hide_singular_image":false,"_genesis_hide_footer_widgets":false,"_genesis_custom_body_class":"","_genesis_custom_post_class":"","_genesis_layout":"","footnotes":""},"categories":[69],"tags":[],"class_list":{"0":"post-1731","1":"post","2":"type-post","3":"status-publish","4":"format-standard","6":"category-sin-categorizar","7":"entry"},"acf":[],"_links":{"self":[{"href":"https:\/\/ciutatsvivibles.entrepobles.org\/es\/wp-json\/wp\/v2\/posts\/1731","targetHints":{"allow":["GET"]}}],"collection":[{"href":"https:\/\/ciutatsvivibles.entrepobles.org\/es\/wp-json\/wp\/v2\/posts"}],"about":[{"href":"https:\/\/ciutatsvivibles.entrepobles.org\/es\/wp-json\/wp\/v2\/types\/post"}],"author":[{"embeddable":true,"href":"https:\/\/ciutatsvivibles.entrepobles.org\/es\/wp-json\/wp\/v2\/users\/6"}],"replies":[{"embeddable":true,"href":"https:\/\/ciutatsvivibles.entrepobles.org\/es\/wp-json\/wp\/v2\/comments?post=1731"}],"version-history":[{"count":1,"href":"https:\/\/ciutatsvivibles.entrepobles.org\/es\/wp-json\/wp\/v2\/posts\/1731\/revisions"}],"predecessor-version":[{"id":1734,"href":"https:\/\/ciutatsvivibles.entrepobles.org\/es\/wp-json\/wp\/v2\/posts\/1731\/revisions\/1734"}],"wp:attachment":[{"href":"https:\/\/ciutatsvivibles.entrepobles.org\/es\/wp-json\/wp\/v2\/media?parent=1731"}],"wp:term":[{"taxonomy":"category","embeddable":true,"href":"https:\/\/ciutatsvivibles.entrepobles.org\/es\/wp-json\/wp\/v2\/categories?post=1731"},{"taxonomy":"post_tag","embeddable":true,"href":"https:\/\/ciutatsvivibles.entrepobles.org\/es\/wp-json\/wp\/v2\/tags?post=1731"}],"curies":[{"name":"wp","href":"https:\/\/api.w.org\/{rel}","templated":true}]}}