{"id":1621,"date":"2023-06-14T10:46:34","date_gmt":"2023-06-14T08:46:34","guid":{"rendered":"https:\/\/ciutatsvivibles.entrepobles.org\/?p=1621"},"modified":"2023-06-14T11:43:31","modified_gmt":"2023-06-14T09:43:31","slug":"relatoria-de-la-marcha-exploratoria-por-el-derecho-a-la-ciudad","status":"publish","type":"post","link":"https:\/\/ciutatsvivibles.entrepobles.org\/es\/relatoria-de-la-marcha-exploratoria-por-el-derecho-a-la-ciudad\/","title":{"rendered":"Relator\u00eda de la marcha exploratoria por el derecho a la ciudad"},"content":{"rendered":"\n<p><strong>La marcha exploratoria en Nou Barris<\/strong><\/p>\n\n\n\n<p>Del 30 de abril al 8 de mayo de 2023, se llev\u00f3 a cabo una marcha exploratoria en el distrito de Nou Barris, como parte del proyecto Ciudades Vivibles. Esta iniciativa, resultado de la colaboraci\u00f3n entre diversas entidades de Barcelona y Entrepueblos, tuvo como objetivo visibilizar las luchas e iniciativas en torno al derecho a la ciudad y contra el extractivismo urbano.<\/p>\n\n\n\n<p>El tejido asociativo y vecinal de Nou Barris, su historia de lucha y su ubicaci\u00f3n geogr\u00e1fica combinando elementos rurales y urbanos, lo convierte en el escenario ideal para realizar una marcha exploratoria cuyo prop\u00f3sito es mostrar c\u00f3mo se puede crear una ciudad m\u00e1s vivible y abordar los desaf\u00edos en temas como salud, vivienda, migraci\u00f3n y crisis clim\u00e1tica, con perspectiva de g\u00e9nero interseccional, destacando la importancia de la lucha ciudadana en la transformaci\u00f3n urbana.<\/p>\n\n\n\n<p><strong>Contexto hist\u00f3rico sobre la relaci\u00f3n entre el distrito de Nou Barris y Entrepueblos<\/strong><\/p>\n\n\n\n<p>Desde sus inicios, habitantes del distrito de Nou Barris han sido parte integral de la base social de Entrepueblos, al mismo tiempo que han estado vinculadas al tejido asociativo local. En el distrito, se han desarrollado diversas asociaciones vecinales, feministas y culturales que han desempe\u00f1ado un papel importante.<\/p>\n\n\n\n<p>Si retrocedemos en el tiempo, esta conexi\u00f3n con el tejido asociativo ha permitido en muchas ocasiones el uso de los locales de estas entidades para llevar a cabo actividades de solidaridad internacional, tanto por iniciativa de Entrepueblos como en colaboraci\u00f3n con las propias actividades de las entidades.<\/p>\n\n\n\n<p>Para ilustrar algunos ejemplos, durante los a\u00f1os 90, cuando surgi\u00f3 un movimiento internacional en solidaridad con Guatemala, se recibieron y organizaron actos de bienvenida en el casal del barrio de la Prosperitat para las compa\u00f1eras de las CPRs que llegaron a Barcelona. Asimismo, desde los a\u00f1os 90, Entrepueblos ha colaborado con la Escuela Freire en el hermanamiento Delft-Estel\u00ed, en el marco de los movimientos de solidaridad internacional con Nicaragua. Esta colaboraci\u00f3n ha abarcado desde la formulaci\u00f3n de proyectos hasta la realizaci\u00f3n de actividades en apoyo a los comit\u00e9s de Nicaragua.<\/p>\n\n\n\n<p>Tambi\u00e9n ha existido una colaboraci\u00f3n muy interesante con la Escola Antaviana, a trav\u00e9s del proyecto \u00abEl m\u00f3n de colors\u00bb, donde un grupo de mujeres ecuatorianas y catalanas llamado Llactacaru trabajaron juntas en una actividad extraescolar que fomentaba la diversidad, el intercambio cultural y diferentes formas de hacer las cosas.<\/p>\n\n\n\n<p>Sin embargo, el trabajo m\u00e1s significativo se ha realizado en solidaridad con personas provenientes de pa\u00edses como Honduras, Guatemala, Nicaragua y Per\u00fa. En este sentido, Entrepueblos ha ofrecido materiales tem\u00e1ticos para los casales de Barri y ha proyectado documentales en diferentes ocasiones y con diferentes niveles de intensidad, especialmente en fechas destacadas como el 8 de marzo o el 25 de noviembre.<\/p>\n\n\n\n<p>Recientemente, se ha establecido una estrecha colaboraci\u00f3n entre Entrepueblos y el distrito de Nou Barris, especialmente en los proyectos de Justicia Global del Ayuntamiento de Barcelona. Esta colaboraci\u00f3n ha estado particularmente centrada en producciones audiovisuales relacionadas con la migraci\u00f3n, como \u00abLa Meva Pell\u00bb y \u00abDescendents\u00bb, donde las protagonistas son las propias entidades, como 9Barris Acull, y las vecinas reci\u00e9n llegadas. Tambi\u00e9n con la salud como la producci\u00f3n del documental sobre el VPH titulado \u00abPapiloma, las mujeres hemos de decidir!!\u00bb. Este documento aborda los efectos de la vacuna en ni\u00f1as y mujeres.<\/p>\n\n\n\n<p>En resumen, la relaci\u00f3n de colaboraci\u00f3n entre Entrepueblos y Nou Barris se ha desarrollado desde los a\u00f1os 90 y contin\u00faa en la actualidad de manera org\u00e1nica gracias a la participaci\u00f3n directa con los barrios.<\/p>\n\n\n\n<p><strong>Los pasos de la marcha exploratoria<\/strong><\/p>\n\n\n\n<p>La marcha exploratoria se llev\u00f3 a cabo durante varios d\u00edas para abarcar diferentes tem\u00e1ticas relacionadas con los derechos a la ciudad en el distrito de Nou Barris. Se realizaron paradas estrat\u00e9gicas en distintos lugares del distrito: la Asamblea del Valle de Can Masdeu para abordar temas ecosociales y autogestivos, el SAP Muntanya para destacar la defensa de la sanidad p\u00fablica, el evento \u00abLa Cultura va de Festa\u00bb para conocer a las entidades de la Coordinadora de Nou Barris y escuchar las demandas vecinales, 9Barris Acull para tratar la acogida a nuevas vecinas, y finalmente la Cooperativa de vivienda Cirerers para explorar los desaf\u00edos de la gentrificaci\u00f3n y posibles soluciones.<\/p>\n\n\n\n<p><strong>Primera parada: Asamblea de la Vall de Can Masdeu<\/strong><\/p>\n\n\n\n<p>La primera parada de la marcha tuvo lugar el 30 de abril de 2023 en el valle de Can Masdeu.<\/p>\n\n\n\n<p>Fuimos cordialmente recibidas por la Asamblea de la Vall, una coalici\u00f3n formada por 5 colectivos locales: el Punto de Interacci\u00f3n de Collserola (PIC), la Casa de Can Masdeu, la Casa dels Futurs, los Huertos Comunitarios y Regeneradas.<\/p>\n\n\n\n<figure class=\"wp-block-image size-large\"><img loading=\"lazy\" decoding=\"async\" width=\"1620\" height=\"1080\" src=\"https:\/\/ciutatsvivibles.entrepobles.org\/wp-content\/uploads\/2023\/06\/Fvq7yl5WwAAW7dS-1620x1080.jpg\" alt=\"\" class=\"wp-image-1536\" srcset=\"https:\/\/ciutatsvivibles.entrepobles.org\/wp-content\/uploads\/2023\/06\/Fvq7yl5WwAAW7dS-1620x1080.jpg 1620w, https:\/\/ciutatsvivibles.entrepobles.org\/wp-content\/uploads\/2023\/06\/Fvq7yl5WwAAW7dS-768x512.jpg 768w, https:\/\/ciutatsvivibles.entrepobles.org\/wp-content\/uploads\/2023\/06\/Fvq7yl5WwAAW7dS-1536x1024.jpg 1536w, https:\/\/ciutatsvivibles.entrepobles.org\/wp-content\/uploads\/2023\/06\/Fvq7yl5WwAAW7dS-2048x1366.jpg 2048w\" sizes=\"auto, (max-width: 1620px) 100vw, 1620px\" \/><\/figure>\n\n\n\n<p>Durante la visita, tuvimos la oportunidad de sumergirnos en la vida de las personas que habitan en el valle y explorar los huertos comunitarios. Fue una experiencia enriquecedora que nos permiti\u00f3 conocer un estilo de vida alternativo y en armon\u00eda con la naturaleza, as\u00ed como los proyectos agroecol\u00f3gicos que se llevan a cabo en la zona. Adem\u00e1s, tambi\u00e9n nos adentramos en la historia, el presente y las perspectivas futuras del valle.<strong><\/strong><\/p>\n\n\n\n<p><strong>PIC y Casa de Can Masdeu<\/strong><\/p>\n\n\n\n<p>La mas\u00eda de Can Masdeu es una antigua casa solariega situada en el Parque Natural de Collserola, en Barcelona. Su historia est\u00e1 marcada por un proceso de ocupaci\u00f3n y transformaci\u00f3n llevado a cabo por un colectivo de personas comprometidas con la ecolog\u00eda, la sostenibilidad y la vida comunitaria.<\/p>\n\n\n\n<p>En la d\u00e9cada de 1990, la mas\u00eda se encontraba abandonada y en deterioro. Un grupo de personas la ocuparon en el a\u00f1o 2001 con el objetivo de crear un espacio autogestionado y desarrollar proyectos que promovieran la participaci\u00f3n ciudadana, la agroecolog\u00eda y la vida en comunidad.<\/p>\n\n\n\n<p>A lo largo de los a\u00f1os, el colectivo ha trabajado en la restauraci\u00f3n y rehabilitaci\u00f3n de la mas\u00eda, convirti\u00e9ndola en un lugar habitable y funcional. Han creado huertos comunitarios, espacios de encuentro y actividades educativas, promoviendo la producci\u00f3n de alimentos ecol\u00f3gicos y el intercambio de conocimientos sobre agricultura sostenible.<\/p>\n\n\n\n<p>La ocupaci\u00f3n de Can Masdeu ha sido un proceso colectivo apoyado por muchas entidades y vecindarios del distrito de Nou Barris, en el que numerosas personas y colectivos comprometidos con la defensa del medio ambiente y la construcci\u00f3n de alternativas sociales han participado. A pesar de los desaf\u00edos legales y sociales a los que se han enfrentado, han perseverado y se han convertido en un s\u00edmbolo de resistencia y lucha por una forma de vida m\u00e1s sostenible y comunitaria.<\/p>\n\n\n\n<p>En la actualidad, se enfrentan a una denuncia relacionada con la rampa de accesibilidad. Esta situaci\u00f3n parece carecer de sentido, ya que la rampa ha sido construida de manera cuidadosa y pensada para tener el menor impacto posible en el entorno natural, mientras brinda la oportunidad necesaria para que personas con diversidad funcional puedan visitar el lugar. Es importante destacar que esta denuncia, acompa\u00f1a a otras sucesivas en lo que parece ser un intento de debilitar, estigmatizar y socavar a los verdaderos movimientos sociales que buscan promover la inclusi\u00f3n y la accesibilidad para todas las personas. A pesar de este obst\u00e1culo, el compromiso de Can Masdeu con sus principios y valores sigue firme, y resulta ser una fuente de inspiraci\u00f3n para otros proyectos que buscan un cambio hacia una sociedad m\u00e1s justa y sostenible.<\/p>\n\n\n\n<p><strong>Huertos Comunitarios y Regenerades<\/strong><\/p>\n\n\n\n<p>Los huertos comunitarios de Can Masdeu y el colectivo Regeneradas se basan en principios de agricultura ecol\u00f3gica y sostenible, impidiendo el uso de productos qu\u00edmicos y promoviendo pr\u00e1cticas respetuosas con el medio ambiente. Estos huertos no solo proveen alimentos frescos y saludables para las personas que participan en el proyecto, sino que tambi\u00e9n fomentan el intercambio de conocimientos y experiencias sobre agricultura regenerativa y ecolog\u00eda.<\/p>\n\n\n\n<p>Adem\u00e1s de la producci\u00f3n de alimentos, los huertos comunitarios de Can Masdeu son espacios de encuentro y socializaci\u00f3n. Las personas que participan en el proyecto trabajan juntas, compartiendo tareas y responsabilidades, lo que fortalece los v\u00ednculos comunitarios y promueve la solidaridad y la cooperaci\u00f3n.<\/p>\n\n\n\n<figure class=\"wp-block-image size-large\"><img loading=\"lazy\" decoding=\"async\" width=\"1620\" height=\"1080\" src=\"https:\/\/ciutatsvivibles.entrepobles.org\/wp-content\/uploads\/2023\/06\/Fvq75GpWAAAB1R4-1620x1080.jpg\" alt=\"\" class=\"wp-image-1538\" srcset=\"https:\/\/ciutatsvivibles.entrepobles.org\/wp-content\/uploads\/2023\/06\/Fvq75GpWAAAB1R4-1620x1080.jpg 1620w, https:\/\/ciutatsvivibles.entrepobles.org\/wp-content\/uploads\/2023\/06\/Fvq75GpWAAAB1R4-768x512.jpg 768w, https:\/\/ciutatsvivibles.entrepobles.org\/wp-content\/uploads\/2023\/06\/Fvq75GpWAAAB1R4-1536x1024.jpg 1536w, https:\/\/ciutatsvivibles.entrepobles.org\/wp-content\/uploads\/2023\/06\/Fvq75GpWAAAB1R4-2048x1366.jpg 2048w\" sizes=\"auto, (max-width: 1620px) 100vw, 1620px\" \/><\/figure>\n\n\n\n<p>Estos huertos tambi\u00e9n son lugares educativos, donde se realizan talleres, charlas y actividades relacionadas con la agricultura ecol\u00f3gica, la biodiversidad y la conciencia ambiental. Se busca fomentar el aprendizaje colectivo y brindar oportunidades para que las personas se conecten con la naturaleza y comprendan la importancia de la producci\u00f3n de alimentos de manera sostenible.<\/p>\n\n\n\n<p>Los huertos comunitarios de Can Masdeu desempe\u00f1an un papel fundamental en el proyecto autogestionado de este espacio, no solo por ser desde sus or\u00edgenes parte integral de la defensa del valle, su forma de vida y sus habitantes, sino porque abordan de manera directa la crisis clim\u00e1tica y sus impactos directos. Los huertos tambi\u00e9n se enfrentan a desaf\u00edos relacionados espec\u00edficos con la sequ\u00eda y el riesgo de incendios en la zona de Collserola.<\/p>\n\n\n\n<p>La sequ\u00eda es un fen\u00f3meno recurrente y preocupante que afecta no solo a los huertos de Can Masdeu, sino a toda la regi\u00f3n. La falta de lluvias y la disminuci\u00f3n de los recursos h\u00eddricos representan una amenaza para el crecimiento de los cultivos y la disponibilidad de agua para el riego. En este sentido, es crucial implementar estrategias de gesti\u00f3n del agua eficientes, como la recolecci\u00f3n y almacenamiento de agua de lluvia, el uso de sistemas de riego sostenibles y la elecci\u00f3n de cultivos resistentes a la sequ\u00eda.<\/p>\n\n\n\n<p>Otro desaf\u00edo significativo es el riesgo de incendios forestales en la zona de Collserola, donde se encuentra Can Masdeu. Los incendios forestales representan una grave amenaza para los huertos y la biodiversidad local. Para reducir este riesgo, es fundamental realizar acciones de prevenci\u00f3n, como la limpieza de vegetaci\u00f3n seca, la creaci\u00f3n de cortafuegos y la implementaci\u00f3n de medidas de seguridad adecuadas. Adem\u00e1s, la restauraci\u00f3n y el mantenimiento de las balsas de agua en la zona desempe\u00f1an un papel decisivo en la mitigaci\u00f3n de incendios, ya que cuentan con una fuente de agua para la extinci\u00f3n de incendios y la irrigaci\u00f3n de los huertos.<\/p>\n\n\n\n<p>Es importante destacar que la atenci\u00f3n y el apoyo de las administraciones son esenciales para abordar estos desaf\u00edos. La restauraci\u00f3n y el mantenimiento adecuado de las balsas de agua en el valle de Can Masdeu no solo beneficiar\u00edan a los huertos comunitarios, sino que tambi\u00e9n contribuir\u00edan a la protecci\u00f3n del entorno natural y la prevenci\u00f3n de incendios en Collserola. Asimismo, se requiere una mayor conciencia y acci\u00f3n colectiva para enfrentar la crisis clim\u00e1tica y sus impactos, fomentar pr\u00e1cticas de mitigaci\u00f3n y adaptaci\u00f3n en la agricultura y promover pol\u00edticas que impulsen la sostenibilidad y la justicia ambiental.<\/p>\n\n\n\n<p><strong>La Casa dels Futurs<\/strong><\/p>\n\n\n\n<p>La Casa dels Futurs es un proyecto innovador que tiene como objetivo establecer una infraestructura f\u00edsica y educativa de largo plazo para brindar un mejor apoyo a los movimientos sociales y ecologistas en un contexto de crisis clim\u00e1tica. Su visi\u00f3n es transformar el antiguo Hospital Sant Ll\u00e0tzer de Barcelona en un Centro de Justicia Clim\u00e1tica permanente y una Escuela de Movimientos, donde se promueva la solidaridad, la cooperaci\u00f3n y la b\u00fasqueda de soluciones sociales y locales para prosperar en un planeta da\u00f1ado.<\/p>\n\n\n\n<p>Este proyecto se enfoca en la justicia clim\u00e1tica, entendiendo que los impactos del cambio clim\u00e1tico surgen de manera desproporcionada a las comunidades m\u00e1s vulnerables y marginadas. La Casa dels Futurs busca ser un espacio de encuentro y colaboraci\u00f3n para los movimientos sociales y ecologistas, donde se compartan conocimientos, se impulsen iniciativas transformadoras y se generen estrategias para abordar los desaf\u00edos clim\u00e1ticos desde una perspectiva inclusiva y equitativa.<\/p>\n\n\n\n<p>La Casa dels Futurs se propone construir una Escuela de Movimientos, donde se promueva el intercambio de experiencias y saberes entre diferentes colectivos, artistas y activistas. A trav\u00e9s de programas educativos, investigaci\u00f3n, talleres y actividades formativas, se busca fortalecer las capacidades de las personas involucradas en los movimientos sociales y ecologistas, potenciando su liderazgo, habilidades organizativas y capacidad de acci\u00f3n para enfrentar la crisis clim\u00e1tica.<\/p>\n\n\n\n<p>Adem\u00e1s, la Casa dels Futurs se plantea como un espacio de inspiraci\u00f3n y polinizaci\u00f3n de ideas. Busca generar sinergias entre los diversos movimientos y colectivos, fomentando la colaboraci\u00f3n y la creaci\u00f3n de redes de apoyo. De esta manera, se busca potenciar el impacto de los movimientos sociales y ecologistas, promoviendo soluciones innovadoras y transformadoras para abordar la crisis clim\u00e1tica y construir un futuro sostenible desde su enfoque en la justicia clim\u00e1tica y la promoci\u00f3n de soluciones sociales y locales que refuerzan la importancia de la solidaridad, la cooperaci\u00f3n y la acci\u00f3n colectiva para abordar los desaf\u00edos clim\u00e1ticos en nuestro planeta.<\/p>\n\n\n\n<p><strong>El Mapa del Valle de Can Masdeu<\/strong><\/p>\n\n\n\n<p>Todas las organizaciones que conforman la Asamblea del Valle de Can Masdeu se dieron a la tarea de hacer una contracartograf\u00eda del valle, esta pr\u00e1ctica busca generar representaciones alternativas y cr\u00edticas, desafiando las visiones hegem\u00f3nicas y dominantes del espacio y el territorio. A trav\u00e9s del Mapa del Valle de Can Masdeu, se busca dar voz a la comunidad hist\u00f3ricamente marginada de los mapas convencionales, recogiendo la memoria hist\u00f3rica de las personas que habitan el valle, as\u00ed como el presente y el futuro que quieren las personas en esta localidad. Por lo tanto, la Asamblea del Valle de Can Masdeu se reconoce como un espacio vivo y din\u00e1mico de defensa de la justicia clim\u00e1tica entendida como la justicia que sostiene la vida del planeta, donde se organizan actividades culturales, encuentros, talleres y debates sobre temas relacionados con la ecolog\u00eda, la autogesti\u00f3n y la justicia clim\u00e1tica y social. Es un ejemplo de autogesti\u00f3n y transformaci\u00f3n comunitaria que inspira a otras personas y proyectos similares.<\/p>\n\n\n\n<figure class=\"wp-block-image size-large\"><img loading=\"lazy\" decoding=\"async\" width=\"1080\" height=\"1080\" src=\"https:\/\/ciutatsvivibles.entrepobles.org\/wp-content\/uploads\/2023\/06\/DSC00880-1080x1080.jpg\" alt=\"\" class=\"wp-image-1581\" srcset=\"https:\/\/ciutatsvivibles.entrepobles.org\/wp-content\/uploads\/2023\/06\/DSC00880-1080x1080.jpg 1080w, https:\/\/ciutatsvivibles.entrepobles.org\/wp-content\/uploads\/2023\/06\/DSC00880-200x200.jpg 200w, https:\/\/ciutatsvivibles.entrepobles.org\/wp-content\/uploads\/2023\/06\/DSC00880-768x768.jpg 768w, https:\/\/ciutatsvivibles.entrepobles.org\/wp-content\/uploads\/2023\/06\/DSC00880-1536x1536.jpg 1536w, https:\/\/ciutatsvivibles.entrepobles.org\/wp-content\/uploads\/2023\/06\/DSC00880-2048x2048.jpg 2048w\" sizes=\"auto, (max-width: 1080px) 100vw, 1080px\" \/><\/figure>\n\n\n\n<p><strong>Segunda parada: SAP Muntanya<\/strong><\/p>\n\n\n\n<p>La segunda parada de la marcha exploratoria se llev\u00f3 a cabo el 3 de mayo de 2023 en un lugar emblem\u00e1tico: las escaleras mec\u00e1nicas del Hospital Vall d&#8217;Hebr\u00f3n.<\/p>\n\n\n\n<p>Nos reciben en este espacio, las vecinas, vecinos y entidades del distrito de Nou Barris, conocidas como SAP Muntanya, que se re\u00fanen cada mi\u00e9rcoles de 10 a 12 de la ma\u00f1ana para alzar su voz y luchar por una sanidad universal, justa y accesible para todas las personas.<\/p>\n\n\n\n<p>Este punto de encuentro se ha convertido en un s\u00edmbolo de la lucha por los derechos sanitarios en el distrito. En esta comunidad se unen en solidaridad y reivindican la importancia de un sistema de salud vecinal que garantice el acceso a servicios de calidad sin importar la situaci\u00f3n econ\u00f3mica, el origen o cualquier otra condici\u00f3n.<\/p>\n\n\n\n<p>La reuni\u00f3n semanal en las escaleras mec\u00e1nicas del Hospital Vall d&#8217;Hebron es una manifestaci\u00f3n tangible de la unidad y la determinaci\u00f3n de las vecinas y las entidades del distrito de Nou Barris. A trav\u00e9s de esta plataforma, se comparten experiencias, se plantean propuestas y se promueven acciones para visibilizar las necesidades de la comunidad y exigir un cambio positivo en el \u00e1mbito sanitario.<\/p>\n\n\n\n<p>Es importante destacar que la lucha por una sanidad universal, justa y accesible no solo se limita a las reuniones en las escaleras mec\u00e1nicas. Estas vecinas y entidades tambi\u00e9n participan activamente en campa\u00f1as, manifestaciones y acciones comunitarias para promover la conciencia y la movilizaci\u00f3n en torno a esta causa.<\/p>\n\n\n\n<p><strong>El SAP Muntanya tiene una serie de demandas fundamentales que buscan mejorar el sistema de salud y garantizar la igualdad de acceso a los servicios m\u00e9dicos. Estas demandas incluyen:<\/strong><\/p>\n\n\n\n<ul class=\"wp-block-list\">\n<li>Reducci\u00f3n dr\u00e1stica de las listas de espera en consultas m\u00e9dicas, especialistas, pruebas diagn\u00f3sticas, intervenciones quir\u00fargicas y rehabilitaci\u00f3n.<\/li>\n\n\n\n<li>Reapertura de servicios y plantas que han sido cerrados debido a recortes presupuestarios.<\/li>\n\n\n\n<li>Prohibici\u00f3n de actividades privadas en centros asistenciales financiados con fondos p\u00fablicos.<\/li>\n\n\n\n<li>Protecci\u00f3n de la privacidad de los datos cl\u00ednicos, impidiendo su venta o cesi\u00f3n a entidades privadas.<\/li>\n\n\n\n<li>Lucha contra la corrupci\u00f3n, exigiendo m\u00e1xima transparencia en la gesti\u00f3n del sistema de salud.<\/li>\n\n\n\n<li>Aumento del presupuesto destinado a la salud, recuperando los recortes de a\u00f1os anteriores y priorizando la salud p\u00fablica y la atenci\u00f3n primaria y comunitaria.<\/li>\n\n\n\n<li>Organizaci\u00f3n y fortalecimiento de los recursos sanitarios p\u00fablicos en \u00e1reas como salud mental, atenci\u00f3n sociosanitaria y rehabilitaci\u00f3n.<\/li>\n\n\n\n<li>Revisi\u00f3n de los objetivos y protocolos relacionados con la salud laboral, el ICAM (Instituto Catal\u00e1n de la Salud) y las enfermedades emergentes.<\/li>\n\n\n\n<li>Recuperaci\u00f3n de los puestos de trabajo perdidos desde 2010 y mejora de las condiciones laborales.<\/li>\n\n\n\n<li>Rechazo a los consorcios y otras formas de privatizaci\u00f3n encubierta, abogando por el fortalecimiento del Instituto Catal\u00e1n de la Salud (ICS) como n\u00facleo integrador del sistema p\u00fablico.<\/li>\n\n\n\n<li>Establecimiento de una participaci\u00f3n real de la ciudadan\u00eda en la gobernanza y control del sistema y de los centros sanitarios.<\/li>\n<\/ul>\n\n\n\n<p>Estas demandas reflejan la lucha del SAP Muntanya por un sistema de salud m\u00e1s justo, equitativo y participativo, donde las necesidades de la comunidad sean atendidas de manera efectiva y donde se garantice el acceso universal a la atenci\u00f3n m\u00e9dica de calidad.<\/p>\n\n\n\n<figure class=\"wp-block-image size-large\"><img loading=\"lazy\" decoding=\"async\" width=\"1620\" height=\"1080\" src=\"https:\/\/ciutatsvivibles.entrepobles.org\/wp-content\/uploads\/2023\/06\/Fvq8dJDXwAAbUBW-1620x1080.jpg\" alt=\"\" class=\"wp-image-1546\" srcset=\"https:\/\/ciutatsvivibles.entrepobles.org\/wp-content\/uploads\/2023\/06\/Fvq8dJDXwAAbUBW-1620x1080.jpg 1620w, https:\/\/ciutatsvivibles.entrepobles.org\/wp-content\/uploads\/2023\/06\/Fvq8dJDXwAAbUBW-768x512.jpg 768w, https:\/\/ciutatsvivibles.entrepobles.org\/wp-content\/uploads\/2023\/06\/Fvq8dJDXwAAbUBW-1536x1024.jpg 1536w, https:\/\/ciutatsvivibles.entrepobles.org\/wp-content\/uploads\/2023\/06\/Fvq8dJDXwAAbUBW-2048x1366.jpg 2048w\" sizes=\"auto, (max-width: 1620px) 100vw, 1620px\" \/><\/figure>\n\n\n\n<p><strong>Tercera parada: La Coordinadora de Nou Barris en la \u201cCultura va de Festa\u201d<\/strong><\/p>\n\n\n\n<p>La marcha exploratoria hizo su tercera parada en la \u00abCultura va de festa\u00bb el 7 de mayo de 2023, un evento organizado por la Coordinadora de Nou Barris en el parque de la Guineueta.<\/p>\n\n\n\n<p>Esta celebraci\u00f3n fue elegida espec\u00edficamente debido a que proporcion\u00f3 una oportunidad inmejorable para conocer en poco tiempo a la gran variedad de entidades que participan en Nou Barris. Ah\u00ed nos recibieron las personas representantes de las entidades y dieron testimonio, en el escenario, de sus demandas.<\/p>\n\n\n\n<p>La Coordinadora de Nou Barris se destaca como un espacio de encuentro y colaboraci\u00f3n entre diversos colectivos y asociaciones vecinales, culturales, educativas, feministas, ecologistas y otros grupos de la sociedad civil. Su misi\u00f3n principal es fomentar una participaci\u00f3n ciudadana activa, impulsar acciones y propuestas colectivas, y generar espacios de di\u00e1logo y reflexi\u00f3n sobre las problem\u00e1ticas y necesidades del distrito.<\/p>\n\n\n\n<p>En el marco de \u00abLa Cultura va de Festa\u00bb, la Coordinadora de Nou Barris present\u00f3 el \u00faltimo n\u00famero de la revista Clatellot, una publicaci\u00f3n colaborativa que recopila las demandas y prioridades de los barrios para el mandato de 2023. Durante este evento, representantes de las entidades vecinales subieron al escenario para leer estas demandas como un preg\u00f3n, resaltando as\u00ed la colaboraci\u00f3n y el compromiso comunitario de Nou Barris en la defensa de sus barrios.<\/p>\n\n\n\n<figure class=\"wp-block-image size-large\"><img loading=\"lazy\" decoding=\"async\" width=\"1080\" height=\"1080\" src=\"https:\/\/ciutatsvivibles.entrepobles.org\/wp-content\/uploads\/2023\/06\/DSC00672-1080x1080.jpg\" alt=\"\" class=\"wp-image-1568\" srcset=\"https:\/\/ciutatsvivibles.entrepobles.org\/wp-content\/uploads\/2023\/06\/DSC00672-1080x1080.jpg 1080w, https:\/\/ciutatsvivibles.entrepobles.org\/wp-content\/uploads\/2023\/06\/DSC00672-200x200.jpg 200w, https:\/\/ciutatsvivibles.entrepobles.org\/wp-content\/uploads\/2023\/06\/DSC00672-768x768.jpg 768w, https:\/\/ciutatsvivibles.entrepobles.org\/wp-content\/uploads\/2023\/06\/DSC00672-1536x1536.jpg 1536w, https:\/\/ciutatsvivibles.entrepobles.org\/wp-content\/uploads\/2023\/06\/DSC00672-2048x2048.jpg 2048w\" sizes=\"auto, (max-width: 1080px) 100vw, 1080px\" \/><\/figure>\n\n\n\n<p>La revista Clatellot es un ejemplo concreto de la participaci\u00f3n activa de las entidades vecinales en la promoci\u00f3n de acciones colectivas para abordar las necesidades de la comunidad. Al compartir estas demandas en un evento p\u00fablico, se busca generar conciencia y movilizaci\u00f3n en la comunidad, con el objetivo de influir en las pol\u00edticas y decisiones que impactan directamente en la vida de las personas que habitan los barrios.<\/p>\n\n\n\n<p><strong>Estas son algunas de las demandas principales de la Coordinadora de Nou Barris plasmadas en la revista Clatellot:<\/strong><\/p>\n\n\n\n<ol class=\"wp-block-list\" type=\"1\">\n<li>Mejora de la participaci\u00f3n y el di\u00e1logo con el conjunto del movimiento vecinal. Nou Barris se caracteriza por su diversidad y riqueza de colectivos y asociaciones vecinales, y es fundamental fortalecer la colaboraci\u00f3n y la participaci\u00f3n activa de todos ellos. Esto implica establecer espacios de encuentro, mesas de di\u00e1logo y mecanismos de participaci\u00f3n ciudadana que permitan una amplia representaci\u00f3n de los barrios y una toma de decisiones m\u00e1s democr\u00e1tica.<\/li>\n\n\n\n<li>Lucha contra las desigualdades y sus efectos. La lucha contra las desigualdades y sus efectos es otro eje fundamental en la agenda de Nou Barris. El distrito se enfrenta a retos socioecon\u00f3micos importantes, y es necesario implementar pol\u00edticas y medidas que reduzcan las brechas y promuevan la equidad. Esto implica abordar la pobreza, la exclusi\u00f3n social, el acceso a la vivienda digna, la educaci\u00f3n, la atenci\u00f3n sanitaria y otros servicios b\u00e1sicos, garantizando que todas las personas tengan las mismas oportunidades y derechos.<\/li>\n\n\n\n<li>Lucha contra los impactos del cambio clim\u00e1tico y la crisis ecol\u00f3gica. En relaci\u00f3n con el cambio clim\u00e1tico y la crisis ecol\u00f3gica, Nou Barris reconoce la importancia de tomar medidas para reducir los impactos y promover la sostenibilidad ambiental. Esto implica fomentar la eficiencia energ\u00e9tica, la movilidad sostenible, la gesti\u00f3n de residuos, la protecci\u00f3n de espacios naturales y la promoci\u00f3n de pr\u00e1cticas sostenibles. Asimismo, es necesario concienciar y sensibilizar a la comunidad sobre la importancia de cuidar el entorno y adoptar m\u00e1s h\u00e1bitos responsables con el medio ambiente.<\/li>\n\n\n\n<li><strong>Completar los equipamientos pendientes.<\/strong> Uno de los objetivos de Nou Barris es completar los equipamientos pendientes en el distrito. Esto incluye la creaci\u00f3n y mejora de infraestructuras y servicios comunitarios, como centros c\u00edvicos, bibliotecas, espacios culturales, instalaciones deportivas, parques y zonas verdes. Estos equipamientos son esenciales para promover la vida comunitaria, el desarrollo social y cultural, y el bienestar de los residentes.<\/li>\n<\/ol>\n\n\n\n<p>La colaboraci\u00f3n vecinal y comunitaria de Nou Barris desempe\u00f1a un papel fundamental en la defensa de los barrios y en la promoci\u00f3n de un entorno m\u00e1s justo y equitativo. A trav\u00e9s de iniciativas como la revista Clatellot y eventos como \u00abLa Cultura va de Festa\u00bb, se fortalece la voz colectiva de la comunidad y se visibilizan las problem\u00e1ticas y necesidades de los barrios. Estas acciones colectivas impulsan cambios concretos para mejorar la calidad de vida de los vecindarios y promover una mayor justicia social y clim\u00e1tica en el distrito.<\/p>\n\n\n\n<p><strong>Cuarta y \u00faltima parada: 9Barris Acull y Cirerers<\/strong><\/p>\n\n\n\n<p>El 8 de mayo de 2023, culminamos nuestra marcha exploratoria en compa\u00f1\u00eda de dos organizaciones emblem\u00e1ticas: 9Barris Acull y la Cooperativa de vivienda Cirerers. Estas organizaciones representan desaf\u00edos cruciales y a veces contradictorios que enfrenta la ciudad de Barcelona: la atenci\u00f3n a las personas migrantes y la lucha contra la gentrificaci\u00f3n.<\/p>\n\n\n\n<p><strong>9Barris Acull<\/strong><\/p>\n\n\n\n<p>La asociaci\u00f3n tiene sus instalaciones dentro del edificio conocido como Arxiu de Roquetes, ah\u00ed nos reciben sus integrantes m\u00e1s comprometidas e hist\u00f3ricas para explicarnos el funcionamiento de la entidad y la historia de un distrito que defiende y se solidariza con el vecindario venga de donde venga.<\/p>\n\n\n\n<p>9Barris Acull es una asociaci\u00f3n conformada por personas y entidades de diversos entornos que trabajan de manera coordinada para fomentar la convivencia en la diversidad que caracteriza a los barrios y al territorio.<\/p>\n\n\n\n<figure class=\"wp-block-image size-large\"><img loading=\"lazy\" decoding=\"async\" width=\"1080\" height=\"1080\" src=\"https:\/\/ciutatsvivibles.entrepobles.org\/wp-content\/uploads\/2023\/06\/DSC01066-1080x1080.jpg\" alt=\"\" class=\"wp-image-1551\" srcset=\"https:\/\/ciutatsvivibles.entrepobles.org\/wp-content\/uploads\/2023\/06\/DSC01066-1080x1080.jpg 1080w, https:\/\/ciutatsvivibles.entrepobles.org\/wp-content\/uploads\/2023\/06\/DSC01066-200x200.jpg 200w, https:\/\/ciutatsvivibles.entrepobles.org\/wp-content\/uploads\/2023\/06\/DSC01066-768x768.jpg 768w, https:\/\/ciutatsvivibles.entrepobles.org\/wp-content\/uploads\/2023\/06\/DSC01066-1536x1536.jpg 1536w, https:\/\/ciutatsvivibles.entrepobles.org\/wp-content\/uploads\/2023\/06\/DSC01066-2048x2048.jpg 2048w\" sizes=\"auto, (max-width: 1080px) 100vw, 1080px\" \/><\/figure>\n\n\n\n<p>A finales de los a\u00f1os noventa, ante la nueva realidad migratoria que se estaba experimentando en los barrios y las noticias que llegaban de otros lugares sobre problemas de convivencia y brotes xen\u00f3fobos, el tejido asociativo del distrito reconoci\u00f3 la necesidad de reflexionar y abordar la situaci\u00f3n de forma conjunta y coordinada. Desde el inicio, el proyecto se bas\u00f3 en la percepci\u00f3n de las personas migrantes como nuevas vecinas y vecinos, con necesidades similares, pero tambi\u00e9n diferentes a las del resto de habitantes de los barrios.<\/p>\n\n\n\n<p>Desde el principio, se busc\u00f3 actuar de manera transversal y coordinada, aprovechando la experiencia y el conocimiento espec\u00edfico de las diferentes entidades, y considerando las perspectivas de todas las personas que conviven en un determinado territorio como vecinos y vecinas con necesidades y preocupaciones similares. Por esta raz\u00f3n, se opt\u00f3 por trabajar en red, donde cada entidad aborda la nueva realidad desde su propio territorio y \u00e1mbito de trabajo, pero lo hace de manera coordinada a trav\u00e9s de la colaboraci\u00f3n conjunta.<\/p>\n\n\n\n<p>La finalidad de la Asociaci\u00f3n es promover la cohesi\u00f3n social y la convivencia entre las personas que residen en nuestros barrios. Esto se logra a trav\u00e9s los ejes de trabajo: Convivencia y diversidad; igualdad de derechos; participaci\u00f3n y trabajo en red; y formaci\u00f3n, reflexi\u00f3n y presencia social.<\/p>\n\n\n\n<p>El trabajo de 9 Barris Acull se centra en fomentar la convivencia y la cohesi\u00f3n social en los barrios a trav\u00e9s de acciones transversales, promoviendo la igualdad de derechos, la participaci\u00f3n ciudadana y la reflexi\u00f3n colectiva. Su enfoque en la diversidad y la colaboraci\u00f3n entre entidades ha permitido abordar los desaf\u00edos migratorios y construir comunidades m\u00e1s inclusivas y solidarias.<\/p>\n\n\n\n<p><strong>Cirerers<\/strong><\/p>\n\n\n\n<p>En el barrio popular de Roquetes, \u200b\u200bdestaca el edificio Cirerers como una alternativa innovadora para hacer frente a la gentrificaci\u00f3n y promover soluciones sociales en materia de vivienda. Ubicado en la esquina entre la calle Pla dels Cirerers y la plaza de les Dones de Nou Barris, este edificio representa una respuesta integral a las necesidades de la comunidad, basada en tres conceptos fundamentales.<\/p>\n\n\n\n<p>En primer lugar, Cirerers desempe\u00f1a un papel destacado como r\u00f3tula urbana al articular la relaci\u00f3n entre diferentes tejidos urbanos presentes en el \u00e1rea. En un lado, conecta con un tejido propio de los a\u00f1os 60, caracterizado por edificaciones entre medianeras y autoproducidas, mientras que en el otro lado se vincula con un tejido contempor\u00e1neo de edificios exentos y de mayor altura. Esta articulaci\u00f3n se logra a trav\u00e9s de un corte horizontal en el edificio, mostrando una fachada separada de la medianera que permite la integraci\u00f3n con los edificios vecinos y la apertura hacia la plaza. As\u00ed, el edificio Cirerers se convierte en un elemento cohesionador en la configuraci\u00f3n urbana del entorno, respetando la historia y la diversidad arquitect\u00f3nica del barrio.<\/p>\n\n\n\n<figure class=\"wp-block-image size-large\"><img loading=\"lazy\" decoding=\"async\" width=\"1080\" height=\"1080\" src=\"https:\/\/ciutatsvivibles.entrepobles.org\/wp-content\/uploads\/2023\/06\/DSC01161-1080x1080.jpg\" alt=\"\" class=\"wp-image-1578\" srcset=\"https:\/\/ciutatsvivibles.entrepobles.org\/wp-content\/uploads\/2023\/06\/DSC01161-1080x1080.jpg 1080w, https:\/\/ciutatsvivibles.entrepobles.org\/wp-content\/uploads\/2023\/06\/DSC01161-200x200.jpg 200w, https:\/\/ciutatsvivibles.entrepobles.org\/wp-content\/uploads\/2023\/06\/DSC01161-768x768.jpg 768w, https:\/\/ciutatsvivibles.entrepobles.org\/wp-content\/uploads\/2023\/06\/DSC01161-1536x1536.jpg 1536w, https:\/\/ciutatsvivibles.entrepobles.org\/wp-content\/uploads\/2023\/06\/DSC01161-2048x2048.jpg 2048w\" sizes=\"auto, (max-width: 1080px) 100vw, 1080px\" \/><\/figure>\n\n\n\n<p>En t\u00e9rminos de convivencia y comunidad, Cirerers se concibe como una sola casa pensada desde y para la comunidad de 32 unidades de convivencia que residen en \u00e9l. El dise\u00f1o del edificio promueve la interacci\u00f3n y la vida comunitaria al explorar los espacios y tr\u00e1nsitos entre lo p\u00fablico y lo privado. Se han incorporado calles y plazas interiores que se suceden en cada planta, convirti\u00e9ndose en el coraz\u00f3n de la vida colectiva. En la planta baja, el pavimento de la acera se extiende al interior del edificio, creando un ambiente acogedor propicio para la convivencia. Estas calles-rellanos conectan los espacios privados de las plantas superiores con los espacios comunitarios ubicados en la planta baja, tercera y sexta, los cuales se abren hacia el exterior, fomentando la interacci\u00f3n con el barrio y la ciudad.<\/p>\n\n\n\n<p>En cuanto a la sostenibilidad y el respeto por el entorno natural de Collserola, el edificio Cirerers destaca por su equilibrio ambiental positivo y su enfoque en la eficiencia energ\u00e9tica. Su dise\u00f1o se basa en criterios de pasivo est\u00e1ndar, que incluyen alta compacidad, aislamiento t\u00e9rmico, control solar y ventilaci\u00f3n mec\u00e1nica con m\u00ednima p\u00e9rdida t\u00e9rmica. Adem\u00e1s, se utilizan materiales ecol\u00f3gicos como la madera, el mortero de cal, los paneles de fibra de yeso y la lana de roca, con una huella ambiental m\u00ednima. La elecci\u00f3n de energ\u00edas renovables, como la energ\u00eda solar fotovoltaica y la aerotermia, contribuyen a reducir la demanda energ\u00e9tica del edificio. Es destacable que la estructura del edificio se haya construido principalmente con madera, lo que no solo aporta calidez y belleza est\u00e9tica, sino que tambi\u00e9n contribuye significativamente a la reducci\u00f3n de emisiones de CO2. Adem\u00e1s, la construcci\u00f3n en seco facilita el reciclaje, la reducci\u00f3n de residuos y la reutilizaci\u00f3n de materiales, promoviendo un enfoque m\u00e1s sostenible y respetuoso con el entorno natural.<\/p>\n\n\n\n<p>El edificio Cirerers en Nou Barris va m\u00e1s all\u00e1 de ser una soluci\u00f3n habitacional. Representa una propuesta integral para abordar la gentrificaci\u00f3n y promover soluciones sociales en concordancia con el entorno natural de Collserola. Su dise\u00f1o respetuoso, su enfoque comunitario y su compromiso con la sostenibilidad demostraron c\u00f3mo es posible crear viviendas cooperativas que no solo satisfacen las necesidades de la comunidad, sino que tambi\u00e9n se fusionan arm\u00f3nicamente con la belleza y la sostenibilidad del entorno natural.<\/p>\n\n\n\n<p><strong>Conclusi\u00f3n<\/strong><\/p>\n\n\n\n<p>Explorar el distrito de Nou Barris a trav\u00e9s del trabajo asociativo de organizaciones como la Asamblea del Valle de Can Masdeu, SAP Muntanya, la Coordinadora de Nou Barris, 9Barris Acull y Cirerers, nos brinda una oportunidad \u00fanica para comprender su papel crucial en la construcci\u00f3n de puentes entre la comunidad local y la defensa de los derechos, contribuyendo as\u00ed a hacer de Barcelona una ciudad m\u00e1s habitable y sostenible.<\/p>\n\n\n\n<p>Durante la marcha exploratoria, queda patente el impacto positivo de estas entidades en la comunidad. Su enfoque integral y coordinado aborda los desaf\u00edos sociales y ambientales, reconociendo la interconexi\u00f3n entre la convivencia en la diversidad, la igualdad de derechos, la participaci\u00f3n ciudadana y la protecci\u00f3n del entorno natural, lo cual repercute positivamente en la salud integral de la comunidad.<\/p>\n\n\n\n<p>El tejido asociativo fortalece los lazos comunitarios, fomenta la solidaridad y la colaboraci\u00f3n entre diferentes actores, creando espacios de participaci\u00f3n activa. Al abordar problem\u00e1ticas como la gentrificaci\u00f3n, la salud y la convivencia intercultural, estas organizaciones no solo mejoran la calidad de vida de las personas en el distrito, sino que tambi\u00e9n contribuyen a construir un modelo urbano m\u00e1s justo.<\/p>\n\n\n\n<p>La marcha exploratoria evidencia la importancia del trabajo asociativo en el distrito de Nou Barris y su contribuci\u00f3n a la transformaci\u00f3n de Barcelona en una ciudad m\u00e1s vivible, donde la justicia social y la justicia clim\u00e1tica se integran para crear un entorno m\u00e1s sostenible. Esta experiencia nos muestra c\u00f3mo la colaboraci\u00f3n entre diversas entidades y la comunidad local puede generar un impacto significativo en la construcci\u00f3n de una ciudad feminista, cuidadora y resiliente.<\/p>\n","protected":false},"excerpt":{"rendered":"<p>La marcha exploratoria en Nou Barris Del 30 de abril al 8 de mayo de 2023, se llev\u00f3 a cabo una marcha exploratoria en el distrito de Nou Barris, como parte del proyecto Ciudades Vivibles. Esta iniciativa, resultado de la colaboraci\u00f3n entre diversas entidades de Barcelona y Entrepueblos, tuvo como objetivo visibilizar las luchas e [&hellip;]<\/p>\n","protected":false},"author":8,"featured_media":0,"comment_status":"closed","ping_status":"closed","sticky":false,"template":"","format":"standard","meta":{"_genesis_hide_title":false,"_genesis_hide_breadcrumbs":false,"_genesis_hide_singular_image":false,"_genesis_hide_footer_widgets":false,"_genesis_custom_body_class":"","_genesis_custom_post_class":"","_genesis_layout":"","footnotes":""},"categories":[121],"tags":[],"class_list":{"0":"post-1621","1":"post","2":"type-post","3":"status-publish","4":"format-standard","6":"category-agenda-y-noticias","7":"entry"},"acf":[],"_links":{"self":[{"href":"https:\/\/ciutatsvivibles.entrepobles.org\/es\/wp-json\/wp\/v2\/posts\/1621","targetHints":{"allow":["GET"]}}],"collection":[{"href":"https:\/\/ciutatsvivibles.entrepobles.org\/es\/wp-json\/wp\/v2\/posts"}],"about":[{"href":"https:\/\/ciutatsvivibles.entrepobles.org\/es\/wp-json\/wp\/v2\/types\/post"}],"author":[{"embeddable":true,"href":"https:\/\/ciutatsvivibles.entrepobles.org\/es\/wp-json\/wp\/v2\/users\/8"}],"replies":[{"embeddable":true,"href":"https:\/\/ciutatsvivibles.entrepobles.org\/es\/wp-json\/wp\/v2\/comments?post=1621"}],"version-history":[{"count":2,"href":"https:\/\/ciutatsvivibles.entrepobles.org\/es\/wp-json\/wp\/v2\/posts\/1621\/revisions"}],"predecessor-version":[{"id":1636,"href":"https:\/\/ciutatsvivibles.entrepobles.org\/es\/wp-json\/wp\/v2\/posts\/1621\/revisions\/1636"}],"wp:attachment":[{"href":"https:\/\/ciutatsvivibles.entrepobles.org\/es\/wp-json\/wp\/v2\/media?parent=1621"}],"wp:term":[{"taxonomy":"category","embeddable":true,"href":"https:\/\/ciutatsvivibles.entrepobles.org\/es\/wp-json\/wp\/v2\/categories?post=1621"},{"taxonomy":"post_tag","embeddable":true,"href":"https:\/\/ciutatsvivibles.entrepobles.org\/es\/wp-json\/wp\/v2\/tags?post=1621"}],"curies":[{"name":"wp","href":"https:\/\/api.w.org\/{rel}","templated":true}]}}