{"id":1518,"date":"2023-06-02T10:28:19","date_gmt":"2023-06-02T08:28:19","guid":{"rendered":"https:\/\/ciutatsvivibles.entrepobles.org\/acte-ciutats-vivibles-i-cuidadores-constructores-de-les-trames-de-la-vida\/"},"modified":"2023-07-04T10:51:13","modified_gmt":"2023-07-04T08:51:13","slug":"acto-ciudades-vivibles-y-cuidadoras-constructoras-de-las-tramas-de-la-vida","status":"publish","type":"post","link":"https:\/\/ciutatsvivibles.entrepobles.org\/es\/acto-ciudades-vivibles-y-cuidadoras-constructoras-de-las-tramas-de-la-vida\/","title":{"rendered":"V\u00eddeocapsula \u201cCiudades vivibles y cuidadoras: constructoras de las tramas de la vida\u201d"},"content":{"rendered":"\n<p>El d\u00eda 18 de mayo a la Comunal se present\u00f3 el <strong>segundo acto de la primera edici\u00f3n de \u201cBirres Activistas\u201d con la conversaci\u00f3n sobre \u201cCiudades vivibles y cuidadoras: constructoras de las tramas de la vida\u201d<\/strong><br><br>Nos encontramos para hablar entorno en alderecho en la ciudad: para nosotras \u00bfqu\u00e9 es una ciudad vivible y cuidadora? Ponemos el \u00e9nfasis en la importancia de construir ciudades vivibles desde los feminismos como clara contribuci\u00f3n en una ciudad cuidadora desde la diversidad de vidas que lo habitan, reconociendo las necesidades hacia la ciudad en la lucha por la vivienda, a migrar, contra la precariedad laboral y ambiental y por el derecho en una vida libre de violencias.<\/p>\n\n\n\n<p>Por eso contamos con la pericia de Vicky Moreno, de Mujeres x Mujeres y con la Roberta de Carvalho, coordinadora de proyectos de la FAVB. Con la moderaci\u00f3n de Bel\u00e9n C. Belio, activista feminista y docente, coordinadora de Ciudades Vivibles I.<\/p>\n\n\n\n<p>Mira el video resumen:<\/p>\n\n\n\n<figure class=\"wp-block-embed is-type-video is-provider-youtube wp-block-embed-youtube wp-embed-aspect-16-9 wp-has-aspect-ratio\"><div class=\"wp-block-embed__wrapper\">\n<iframe loading=\"lazy\" title=\"Acte &quot;Birres Activistes&quot; a La Comunal: #CiutatsVivibles\" width=\"500\" height=\"281\" src=\"https:\/\/www.youtube.com\/embed\/nq8ASLC7sf4?feature=oembed\" frameborder=\"0\" allow=\"accelerometer; autoplay; clipboard-write; encrypted-media; gyroscope; picture-in-picture; web-share\" referrerpolicy=\"strict-origin-when-cross-origin\" allowfullscreen><\/iframe>\n<\/div><\/figure>\n\n\n\n<p><\/p>\n","protected":false},"excerpt":{"rendered":"<p>El d\u00eda 18 de mayo a la Comunal se present\u00f3 el segundo acto de la primera edici\u00f3n de \u201cBirres Activistas\u201d con la conversaci\u00f3n sobre \u201cCiudades vivibles y cuidadoras: constructoras de las tramas de la vida\u201d Nos encontramos para hablar entorno en alderecho en la ciudad: para nosotras \u00bfqu\u00e9 es una ciudad vivible y cuidadora? Ponemos [&hellip;]<\/p>\n","protected":false},"author":8,"featured_media":0,"comment_status":"closed","ping_status":"closed","sticky":false,"template":"","format":"standard","meta":{"_genesis_hide_title":false,"_genesis_hide_breadcrumbs":false,"_genesis_hide_singular_image":false,"_genesis_hide_footer_widgets":false,"_genesis_custom_body_class":"","_genesis_custom_post_class":"","_genesis_layout":"","footnotes":""},"categories":[121],"tags":[],"class_list":{"0":"post-1518","1":"post","2":"type-post","3":"status-publish","4":"format-standard","6":"category-agenda-y-noticias","7":"entry"},"acf":[],"_links":{"self":[{"href":"https:\/\/ciutatsvivibles.entrepobles.org\/es\/wp-json\/wp\/v2\/posts\/1518","targetHints":{"allow":["GET"]}}],"collection":[{"href":"https:\/\/ciutatsvivibles.entrepobles.org\/es\/wp-json\/wp\/v2\/posts"}],"about":[{"href":"https:\/\/ciutatsvivibles.entrepobles.org\/es\/wp-json\/wp\/v2\/types\/post"}],"author":[{"embeddable":true,"href":"https:\/\/ciutatsvivibles.entrepobles.org\/es\/wp-json\/wp\/v2\/users\/8"}],"replies":[{"embeddable":true,"href":"https:\/\/ciutatsvivibles.entrepobles.org\/es\/wp-json\/wp\/v2\/comments?post=1518"}],"version-history":[{"count":3,"href":"https:\/\/ciutatsvivibles.entrepobles.org\/es\/wp-json\/wp\/v2\/posts\/1518\/revisions"}],"predecessor-version":[{"id":1648,"href":"https:\/\/ciutatsvivibles.entrepobles.org\/es\/wp-json\/wp\/v2\/posts\/1518\/revisions\/1648"}],"wp:attachment":[{"href":"https:\/\/ciutatsvivibles.entrepobles.org\/es\/wp-json\/wp\/v2\/media?parent=1518"}],"wp:term":[{"taxonomy":"category","embeddable":true,"href":"https:\/\/ciutatsvivibles.entrepobles.org\/es\/wp-json\/wp\/v2\/categories?post=1518"},{"taxonomy":"post_tag","embeddable":true,"href":"https:\/\/ciutatsvivibles.entrepobles.org\/es\/wp-json\/wp\/v2\/tags?post=1518"}],"curies":[{"name":"wp","href":"https:\/\/api.w.org\/{rel}","templated":true}]}}